{"id":512,"date":"2016-01-16T12:31:20","date_gmt":"2016-01-16T11:31:20","guid":{"rendered":"http:\/\/www.galettinteriors.com\/de\/?p=512"},"modified":"2016-01-16T12:31:20","modified_gmt":"2016-01-16T11:31:20","slug":"kinderzimmer-tumidei-tiramolla","status":"publish","type":"post","link":"https:\/\/www.galettinteriors.com\/de\/kinderzimmer-tumidei-tiramolla","title":{"rendered":"Kinderzimmer TUMIDEI TIRAMOLLA"},"content":{"rendered":"<div class=\"pos-description\">\n<div class=\"element element-textarea first last\">\n<div class=\"pos-description\">\n<div class=\"element element-textarea first last\">\n<h3>Beschreibung<\/h3>\n<div>\n<p>Kinderzimmer Tumidei Tiramolla, weiss laminat und lackierten Elemente (tortora), bestehend aus einem 5-t\u00fcrigen Kleiderschrank (4 normale T\u00fcren, 4 Schubladen, 1 kleinere T\u00fcr), n.1 Schreibtisch, n.1 Stuhl auf Rollen, \u00a0n.1 Wandelement bestehend aus Alurohren mit 3 Ablagen mit Schiebet\u00fcr und ein Schubladenkasten, n.1 Schubladenelement auf Rollen unter dem Schreibtisch, n.3 H\u00e4ngekasten<\/p>\n<\/div>\n<\/div>\n<\/div>\n<div class=\"element element-text\">\n<h3><del>Listenpreis MwSt. Inkl<\/del><\/h3>\n<p><del>8.100,00<\/del><\/div>\n<div class=\"element element-text last\">\n<h3>Skontierter Preis MwSt. Inkl<\/h3>\n<p>5.600,00<\/p><\/div>\n<p>&nbsp;<\/p>\n<\/div>\n<\/div>\n","protected":false},"excerpt":{"rendered":"<p> [&hellip;]<\/p>\n","protected":false},"author":1,"featured_media":362,"comment_status":"open","ping_status":"closed","sticky":false,"template":"","format":"standard","meta":{"footnotes":""},"categories":[8],"tags":[],"yoast_head":"<!-- This site is optimized with the Yoast SEO plugin v21.2 - https:\/\/yoast.com\/wordpress\/plugins\/seo\/ -->\n<title>Kinderzimmer TUMIDEI TIRAMOLLA Galetti arredamenti<\/title>\n<meta name=\"robots\" content=\"index, follow, max-snippet:-1, max-image-preview:large, max-video-preview:-1\" \/>\n<link rel=\"canonical\" href=\"https:\/\/www.galettinteriors.com\/de\/kinderzimmer-tumidei-tiramolla\" \/>\n<meta property=\"og:locale\" content=\"de_DE\" \/>\n<meta property=\"og:type\" content=\"article\" \/>\n<meta property=\"og:title\" content=\"Kinderzimmer TUMIDEI TIRAMOLLA Galetti arredamenti\" \/>\n<meta property=\"og:description\" content=\"[&hellip;]\" \/>\n<meta property=\"og:url\" content=\"https:\/\/www.galettinteriors.com\/de\/kinderzimmer-tumidei-tiramolla\" \/>\n<meta property=\"og:site_name\" content=\"Galetti arredamenti\" \/>\n<meta property=\"article:published_time\" content=\"2016-01-16T11:31:20+00:00\" \/>\n<meta property=\"og:image\" content=\"https:\/\/www.galettinteriors.com\/wp-content\/uploads\/IMG_3488_f1503d392d519cc0723278d48c2f8daa.jpg\" \/>\n\t<meta property=\"og:image:width\" content=\"500\" \/>\n\t<meta property=\"og:image:height\" content=\"375\" \/>\n\t<meta property=\"og:image:type\" content=\"image\/jpeg\" \/>\n<meta name=\"author\" content=\"ADVstudio.it\" \/>\n<meta name=\"twitter:card\" content=\"summary_large_image\" \/>\n<meta name=\"twitter:label1\" content=\"Verfasst von\" \/>\n\t<meta name=\"twitter:data1\" content=\"ADVstudio.it\" \/>\n<script type=\"application\/ld+json\" class=\"yoast-schema-graph\">{\"@context\":\"https:\/\/schema.org\",\"@graph\":[{\"@type\":\"WebPage\",\"@id\":\"https:\/\/www.galettinteriors.com\/de\/kinderzimmer-tumidei-tiramolla\",\"url\":\"https:\/\/www.galettinteriors.com\/de\/kinderzimmer-tumidei-tiramolla\",\"name\":\"Kinderzimmer TUMIDEI TIRAMOLLA Galetti arredamenti\",\"isPartOf\":{\"@id\":\"https:\/\/www.galettinteriors.com\/#website\"},\"datePublished\":\"2016-01-16T11:31:20+00:00\",\"dateModified\":\"2016-01-16T11:31:20+00:00\",\"author\":{\"@id\":\"https:\/\/www.galettinteriors.com\/#\/schema\/person\/d8e0f89a326b82faa9b0d6433d099e41\"},\"breadcrumb\":{\"@id\":\"https:\/\/www.galettinteriors.com\/de\/kinderzimmer-tumidei-tiramolla#breadcrumb\"},\"inLanguage\":\"de\",\"potentialAction\":[{\"@type\":\"ReadAction\",\"target\":[\"https:\/\/www.galettinteriors.com\/de\/kinderzimmer-tumidei-tiramolla\"]}]},{\"@type\":\"BreadcrumbList\",\"@id\":\"https:\/\/www.galettinteriors.com\/de\/kinderzimmer-tumidei-tiramolla#breadcrumb\",\"itemListElement\":[{\"@type\":\"ListItem\",\"position\":1,\"name\":\"Home\",\"item\":\"https:\/\/www.galettinteriors.com\/de\/home\"},{\"@type\":\"ListItem\",\"position\":2,\"name\":\"Kinderzimmer TUMIDEI TIRAMOLLA\"}]},{\"@type\":\"WebSite\",\"@id\":\"https:\/\/www.galettinteriors.com\/#website\",\"url\":\"https:\/\/www.galettinteriors.com\/\",\"name\":\"Galetti arredamenti\",\"description\":\"\",\"potentialAction\":[{\"@type\":\"SearchAction\",\"target\":{\"@type\":\"EntryPoint\",\"urlTemplate\":\"https:\/\/www.galettinteriors.com\/?s={search_term_string}\"},\"query-input\":\"required name=search_term_string\"}],\"inLanguage\":\"de\"},{\"@type\":\"Person\",\"@id\":\"https:\/\/www.galettinteriors.com\/#\/schema\/person\/d8e0f89a326b82faa9b0d6433d099e41\",\"name\":\"ADVstudio.it\",\"image\":{\"@type\":\"ImageObject\",\"inLanguage\":\"de\",\"@id\":\"https:\/\/www.galettinteriors.com\/#\/schema\/person\/image\/\",\"url\":\"https:\/\/secure.gravatar.com\/avatar\/9d4014168c2d12bd50c8aebad3169253?s=96&d=mm&r=g\",\"contentUrl\":\"https:\/\/secure.gravatar.com\/avatar\/9d4014168c2d12bd50c8aebad3169253?s=96&d=mm&r=g\",\"caption\":\"ADVstudio.it\"},\"url\":\"https:\/\/www.galettinteriors.com\/de\/author\/advstudio-it\"}]}<\/script>\n<!-- \/ Yoast SEO plugin. -->","yoast_head_json":{"title":"Kinderzimmer TUMIDEI TIRAMOLLA Galetti arredamenti","robots":{"index":"index","follow":"follow","max-snippet":"max-snippet:-1","max-image-preview":"max-image-preview:large","max-video-preview":"max-video-preview:-1"},"canonical":"https:\/\/www.galettinteriors.com\/de\/kinderzimmer-tumidei-tiramolla","og_locale":"de_DE","og_type":"article","og_title":"Kinderzimmer TUMIDEI TIRAMOLLA Galetti arredamenti","og_description":"[&hellip;]","og_url":"https:\/\/www.galettinteriors.com\/de\/kinderzimmer-tumidei-tiramolla","og_site_name":"Galetti arredamenti","article_published_time":"2016-01-16T11:31:20+00:00","og_image":[{"width":500,"height":375,"url":"https:\/\/www.galettinteriors.com\/wp-content\/uploads\/IMG_3488_f1503d392d519cc0723278d48c2f8daa.jpg","type":"image\/jpeg"}],"author":"ADVstudio.it","twitter_card":"summary_large_image","twitter_misc":{"Verfasst von":"ADVstudio.it"},"schema":{"@context":"https:\/\/schema.org","@graph":[{"@type":"WebPage","@id":"https:\/\/www.galettinteriors.com\/de\/kinderzimmer-tumidei-tiramolla","url":"https:\/\/www.galettinteriors.com\/de\/kinderzimmer-tumidei-tiramolla","name":"Kinderzimmer TUMIDEI TIRAMOLLA Galetti arredamenti","isPartOf":{"@id":"https:\/\/www.galettinteriors.com\/#website"},"datePublished":"2016-01-16T11:31:20+00:00","dateModified":"2016-01-16T11:31:20+00:00","author":{"@id":"https:\/\/www.galettinteriors.com\/#\/schema\/person\/d8e0f89a326b82faa9b0d6433d099e41"},"breadcrumb":{"@id":"https:\/\/www.galettinteriors.com\/de\/kinderzimmer-tumidei-tiramolla#breadcrumb"},"inLanguage":"de","potentialAction":[{"@type":"ReadAction","target":["https:\/\/www.galettinteriors.com\/de\/kinderzimmer-tumidei-tiramolla"]}]},{"@type":"BreadcrumbList","@id":"https:\/\/www.galettinteriors.com\/de\/kinderzimmer-tumidei-tiramolla#breadcrumb","itemListElement":[{"@type":"ListItem","position":1,"name":"Home","item":"https:\/\/www.galettinteriors.com\/de\/home"},{"@type":"ListItem","position":2,"name":"Kinderzimmer TUMIDEI TIRAMOLLA"}]},{"@type":"WebSite","@id":"https:\/\/www.galettinteriors.com\/#website","url":"https:\/\/www.galettinteriors.com\/","name":"Galetti arredamenti","description":"","potentialAction":[{"@type":"SearchAction","target":{"@type":"EntryPoint","urlTemplate":"https:\/\/www.galettinteriors.com\/?s={search_term_string}"},"query-input":"required name=search_term_string"}],"inLanguage":"de"},{"@type":"Person","@id":"https:\/\/www.galettinteriors.com\/#\/schema\/person\/d8e0f89a326b82faa9b0d6433d099e41","name":"ADVstudio.it","image":{"@type":"ImageObject","inLanguage":"de","@id":"https:\/\/www.galettinteriors.com\/#\/schema\/person\/image\/","url":"https:\/\/secure.gravatar.com\/avatar\/9d4014168c2d12bd50c8aebad3169253?s=96&d=mm&r=g","contentUrl":"https:\/\/secure.gravatar.com\/avatar\/9d4014168c2d12bd50c8aebad3169253?s=96&d=mm&r=g","caption":"ADVstudio.it"},"url":"https:\/\/www.galettinteriors.com\/de\/author\/advstudio-it"}]}},"_links":{"self":[{"href":"https:\/\/www.galettinteriors.com\/de\/wp-json\/wp\/v2\/posts\/512"}],"collection":[{"href":"https:\/\/www.galettinteriors.com\/de\/wp-json\/wp\/v2\/posts"}],"about":[{"href":"https:\/\/www.galettinteriors.com\/de\/wp-json\/wp\/v2\/types\/post"}],"author":[{"embeddable":true,"href":"https:\/\/www.galettinteriors.com\/de\/wp-json\/wp\/v2\/users\/1"}],"replies":[{"embeddable":true,"href":"https:\/\/www.galettinteriors.com\/de\/wp-json\/wp\/v2\/comments?post=512"}],"version-history":[{"count":1,"href":"https:\/\/www.galettinteriors.com\/de\/wp-json\/wp\/v2\/posts\/512\/revisions"}],"predecessor-version":[{"id":513,"href":"https:\/\/www.galettinteriors.com\/de\/wp-json\/wp\/v2\/posts\/512\/revisions\/513"}],"wp:featuredmedia":[{"embeddable":true,"href":"https:\/\/www.galettinteriors.com\/de\/wp-json\/wp\/v2\/media\/362"}],"wp:attachment":[{"href":"https:\/\/www.galettinteriors.com\/de\/wp-json\/wp\/v2\/media?parent=512"}],"wp:term":[{"taxonomy":"category","embeddable":true,"href":"https:\/\/www.galettinteriors.com\/de\/wp-json\/wp\/v2\/categories?post=512"},{"taxonomy":"post_tag","embeddable":true,"href":"https:\/\/www.galettinteriors.com\/de\/wp-json\/wp\/v2\/tags?post=512"}],"curies":[{"name":"wp","href":"https:\/\/api.w.org\/{rel}","templated":true}]}}